{"id":4286,"date":"2023-07-18T08:36:31","date_gmt":"2023-07-18T08:36:31","guid":{"rendered":"https:\/\/optionstogrow.com\/?p=4286"},"modified":"2023-10-27T10:59:12","modified_gmt":"2023-10-27T10:59:12","slug":"comment-concilier-vacances-en-famille-et-reussite-professionnelle","status":"publish","type":"post","link":"https:\/\/optionstogrow.com\/fr\/comment-concilier-vacances-en-famille-et-reussite-professionnelle\/","title":{"rendered":"\u00c9vitez les regrets : Comment concilier vacances en famille et r\u00e9ussite professionnelle"},"content":{"rendered":"\n<p>Quand je l&rsquo;ai vu en train de finaliser une slide au petit-d\u00e9jeuner, j&rsquo;ai su qu&rsquo;il \u00e9tait en train de tout rater&#8230;<\/p>\n\n\n\n<p>Je suis en voyage avec toute la famille (m\u00eame nos deux chats font partie de l\u2019aventure.). <\/p>\n\n\n\n<p>On va passer 4 semaines dans le sud-ouest de la France.&nbsp;<\/p>\n\n\n<div class=\"wp-block-image\">\n<figure class=\"aligncenter is-resized\"><img loading=\"lazy\" decoding=\"async\" src=\"https:\/\/lh5.googleusercontent.com\/CMxKW0w8gIHbMchqPZephv-ZSh-1l-c-Hd65W8S3w3j6hGDR_5wcL2nqkoQ4bytqme6ZYslkBF1ET306VZGuIR4EsamoFhVo5qac8H2QYwCpL8XdJyZyrBg6tj8YqiRdCFJhSqY0kk66SNUSwxDYiwI\" alt=\"Comment concilier vacances en famille et r\u00e9ussite professionnelle\" width=\"286\" height=\"381\"\/><figcaption class=\"wp-element-caption\"><sup>Comment concilier vacances en famille et r\u00e9ussite professionnelle<\/sup><\/figcaption><\/figure>\n<\/div>\n\n\n<p>Sur la route, au petit-d\u00e9jeuner \u00e0 l&rsquo;h\u00f4tel, on croise de tout. Des vacanciers, des cadres qui s&rsquo;appr\u00eatent \u00e0 entrer en s\u00e9minaire et puis&#8230;<\/p>\n\n\n\n<p>Le mix d&rsquo;un peu des deux.&nbsp;<\/p>\n\n\n\n<h2 class=\"wp-block-heading\" id=\"h-un-leader-trop-ambitieux-sur-la-route-des-vacances-avec-sa-famille\">Un leader (trop) ambitieux sur la route des vacances avec sa famille.&nbsp;<\/h2>\n\n\n\n<p>Ses deux enfants en train de siroter un chocolat chaud, se chamailler, et lui qui tente de finir une slide de son deck sur son ordinateur.&nbsp;<\/p>\n\n\n\n<p>Il est en train de rater son moment :&nbsp;&nbsp;<\/p>\n\n\n\n<ul class=\"wp-block-list\">\n<li><strong>Ses vacances<\/strong>, cette occasion qu&rsquo;il attendait tant pour profiter de sa famille<\/li>\n\n\n\n<li><strong>Son travail,<\/strong> peu de chances d&rsquo;arriver \u00e0 cr\u00e9er sa meilleure slide dans ce contexte.&nbsp;<\/li>\n<\/ul>\n\n\n\n<p>Et c&rsquo;est souvent le paradoxe.<\/p>\n\n\n\n<p>Quand on est au travail, on r\u00eave de pouvoir passer du temps avec nos familles.&nbsp;<\/p>\n\n\n\n<p>Et quand on est en famille, on tente d&rsquo;optimiser notre temps en pensant (encore) au travail.&nbsp;<\/p>\n\n\n\n<p>Une recette pour rater les deux et s&rsquo;en vouloir \u00e0 chaque fois.&nbsp;<\/p>\n\n\n\n<h2 class=\"wp-block-heading\">Des options pour concilier vacances en famille et r\u00e9ussite professionnelle<\/h2>\n\n\n\n<p><strong>Anticiper avant : <\/strong>en d\u00e9l\u00e9guant, en s&rsquo;organisant mieux. La solution id\u00e9ale mais pas toujours possible. Alors si on arrive au cas exceptionnel du petit-d\u00e9jeuner\u2026<br><a href=\"https:\/\/optionstogrow.com\/fr\/comment-enfin-reussir-a-se-concentrer-sur-les-choses-qui-comptent-vraiment-pour-vous\/\">Comment enfin r\u00e9ussir \u00e0 se concentrer sur les choses qui comptent vraiment pour vous ?<\/a><\/p>\n\n\n\n<p>On doit choisir :&nbsp;<\/p>\n\n\n\n<ul class=\"wp-block-list\">\n<li>Soit je vais au petit d\u00e9jeuner avec la famille et je le vis intens\u00e9ment. J&rsquo;ai mis mon r\u00e9veil 45 minutes avant, r\u00e9fl\u00e9chi au message que je souhaite passer et ai finalis\u00e9 ma slide. (ma pr\u00e9f\u00e9r\u00e9e si j\u2019ai rat\u00e9 l\u2019anticipation)<\/li>\n\n\n\n<li>Soit je propose \u00e0 la famille de d\u00e9jeuner sans moi et je finis ma t\u00e2che.&nbsp;<\/li>\n<\/ul>\n\n\n\n<p>Tenter de faire les deux en m\u00eame temps, ne fonctionne pas.&nbsp;<\/p>\n\n\n\n<p>Et \u00e7a finit \u00e0 long terme avec cette phrase cinglante :&nbsp;<\/p>\n\n\n\n<p>\u00ab\u00a0De toute fa\u00e7on, tu n&rsquo;es jamais l\u00e0\u00a0\u00bb&nbsp;<\/p>\n\n\n\n<p>Soyez pr\u00e9sent. D\u00e9finissez vos priorit\u00e9s et vivez intens\u00e9ment.&nbsp;<\/p>\n\n\n\n<p>Alors pour les leaders ambitieux qui ont de la chance de pouvoir en prendre.&nbsp;<br>Bonnes vacances.&nbsp;<\/p>\n\n\n\n<p><strong>***<\/strong><\/p>\n\n\n\n<p>Si vous avez aim\u00e9 cet article, vous aimerez surement ma newsletter en fran\u00e7ais. Rejoignez une communaut\u00e9 de lecteurs ambitieux qui veulent r\u00e9ussir leurs carri\u00e8res tout en profitant de leur vie.&nbsp;<a href=\"https:\/\/optionstogrow.com\/fr\/newsletter\/\" target=\"_blank\" rel=\"noreferrer noopener\"><strong>Inscrivez-vous ici<\/strong><\/a><strong>&nbsp;<\/strong>et recevez l\u00e0 tous les mercredis matin directement dans votre boite mail.<\/p>\n\n\n\n<p><strong>***<\/strong><\/p>\n\n\n\n<p><strong>PS :<\/strong>&nbsp;d\u00e8s que vous \u00eates pr\u00eat, voici 2 autres fa\u00e7ons avec lesquelles je peux vous aider \u00e0 acc\u00e9l\u00e9rer votre croissance gr\u00e2ce au coaching :<\/p>\n\n\n\n<ul class=\"wp-block-list\">\n<li><strong>Vous \u00eates ambitieux<\/strong>&nbsp;: vous avez d\u00e9j\u00e0 r\u00e9alis\u00e9 beaucoup. Et vous avez l\u2019intention de continuer. Mais cette fois-ci, vous souhaitez le faire tout en profitant des choses importantes dans votre vie.&nbsp;<a href=\"https:\/\/optionstogrow.com\/fr\/travaillez-avec-moi\/\" target=\"_blank\" rel=\"noreferrer noopener\">Curieux\u2026Cliquez ici<\/a>.<\/li>\n\n\n\n<li><strong>Vous dirigez une \u00e9quipe<\/strong>&nbsp;: vous savez qu\u2019une petite am\u00e9lioration dans votre leadership peut avoir d\u2019\u00e9normes impacts sur les r\u00e9sultats de l\u2019\u00e9quipe et donc de votre carri\u00e8re. J\u2019ai \u00e9t\u00e9 form\u00e9 et certifi\u00e9 par le premier ex\u00e9cutif coach au monde Marshall Goldsmith. Je vous accompagne dans votre projet et garantis le r\u00e9sultat. Vous ne me payez que si vous r\u00e9ussissez. Curieux?&nbsp;&nbsp;<a href=\"https:\/\/optionstogrow.com\/11-executive-coaching\/\" target=\"_blank\" rel=\"noreferrer noopener\">Apprenez-en davantage ici.<\/a><\/li>\n<\/ul>\n\n\n\n<p>Rejoignez une communaut\u00e9 de lecteurs ambitieux qui veulent r\u00e9ussir leurs carri\u00e8res tout en profitant de leur vie.\ud83d\udc47\ud83d\udc47<\/p>\n","protected":false},"excerpt":{"rendered":"<p>\u00c9vitez les regrets : Comment concilier vacances en famille et r\u00e9ussite professionnelle.  Prenez la d\u00e9cision qui compte vraiment pour vous.<\/p>\n","protected":false},"author":2,"featured_media":4291,"comment_status":"open","ping_status":"closed","sticky":false,"template":"","format":"standard","meta":{"_monsterinsights_skip_tracking":false,"_monsterinsights_sitenote_active":false,"_monsterinsights_sitenote_note":"","_monsterinsights_sitenote_category":0,"_genesis_hide_title":false,"_genesis_hide_breadcrumbs":false,"_genesis_hide_singular_image":false,"_genesis_hide_footer_widgets":false,"_genesis_custom_body_class":"","_genesis_custom_post_class":"","_genesis_layout":"","_wp_convertkit_post_meta":{"form":"1697843","landing_page":"","tag":"2605809","restrict_content":"0"},"jetpack_post_was_ever_published":false,"_jetpack_newsletter_access":"","_jetpack_dont_email_post_to_subs":false,"_jetpack_newsletter_tier_id":0,"_jetpack_memberships_contains_paywalled_content":false,"_jetpack_memberships_contains_paid_content":false,"footnotes":"","jetpack_publicize_message":"","jetpack_publicize_feature_enabled":true,"jetpack_social_post_already_shared":true,"jetpack_social_options":{"image_generator_settings":{"template":"highway","default_image_id":0,"font":"","enabled":false},"version":2}},"categories":[77,84,79],"tags":[81,89,97,78],"class_list":{"0":"post-4286","1":"post","2":"type-post","3":"status-publish","4":"format-standard","5":"has-post-thumbnail","7":"category-reflexion-courte","8":"category-reussir-personnellement","9":"category-reussir-professionnellement","10":"tag-clarte","11":"tag-decisions-fr","12":"tag-reussir-personnellement","13":"tag-reussir-professionnellement","14":"entry"},"yoast_head":"<!-- This site is optimized with the Yoast SEO plugin v27.4 - https:\/\/yoast.com\/product\/yoast-seo-wordpress\/ -->\n<title>\u00c9vitez les regrets : Comment concilier vacances en famille et r\u00e9ussite professionnelle - Des options pour se d\u00e9velopper<\/title>\n<meta name=\"description\" content=\"\u00c9vitez les regrets : Comment concilier vacances en famille et r\u00e9ussite professionnelle. Prenez la d\u00e9cision qui compte vraiment pour vous.\" \/>\n<meta name=\"robots\" content=\"index, follow, max-snippet:-1, max-image-preview:large, max-video-preview:-1\" \/>\n<link rel=\"canonical\" href=\"https:\/\/optionstogrow.com\/fr\/comment-concilier-vacances-en-famille-et-reussite-professionnelle\/\" \/>\n<meta property=\"og:locale\" content=\"fr_FR\" \/>\n<meta property=\"og:type\" content=\"article\" \/>\n<meta property=\"og:title\" content=\"\u00c9vitez les regrets : Comment concilier vacances en famille et r\u00e9ussite professionnelle - Des options pour se d\u00e9velopper\" \/>\n<meta property=\"og:description\" content=\"\u00c9vitez les regrets : Comment concilier vacances en famille et r\u00e9ussite professionnelle. Prenez la d\u00e9cision qui compte vraiment pour vous.\" \/>\n<meta property=\"og:url\" content=\"https:\/\/optionstogrow.com\/fr\/comment-concilier-vacances-en-famille-et-reussite-professionnelle\/\" \/>\n<meta property=\"og:site_name\" content=\"Des options pour se d\u00e9velopper\" \/>\n<meta property=\"article:publisher\" content=\"https:\/\/www.facebook.com\/Options-To-Grow-109035218181837\" \/>\n<meta property=\"article:published_time\" content=\"2023-07-18T08:36:31+00:00\" \/>\n<meta property=\"article:modified_time\" content=\"2023-10-27T10:59:12+00:00\" \/>\n<meta property=\"og:image\" content=\"https:\/\/optionstogrow.com\/wp-content\/uploads\/2023\/07\/pasted-image-0.png\" \/>\n\t<meta property=\"og:image:width\" content=\"1142\" \/>\n\t<meta property=\"og:image:height\" content=\"1522\" \/>\n\t<meta property=\"og:image:type\" content=\"image\/png\" \/>\n<meta name=\"author\" content=\"Dror Allouche\" \/>\n<meta name=\"twitter:card\" content=\"summary_large_image\" \/>\n<meta name=\"twitter:creator\" content=\"@mr_otg\" \/>\n<meta name=\"twitter:site\" content=\"@mr_otg\" \/>\n<meta name=\"twitter:label1\" content=\"\u00c9crit par\" \/>\n\t<meta name=\"twitter:data1\" content=\"Dror Allouche\" \/>\n\t<meta name=\"twitter:label2\" content=\"Dur\u00e9e de lecture estim\u00e9e\" \/>\n\t<meta name=\"twitter:data2\" content=\"3 minute\" \/>\n<script type=\"application\/ld+json\" class=\"yoast-schema-graph\">{\"@context\":\"https:\\\/\\\/schema.org\",\"@graph\":[{\"@type\":\"Article\",\"@id\":\"https:\\\/\\\/optionstogrow.com\\\/fr\\\/comment-concilier-vacances-en-famille-et-reussite-professionnelle\\\/#article\",\"isPartOf\":{\"@id\":\"https:\\\/\\\/optionstogrow.com\\\/fr\\\/comment-concilier-vacances-en-famille-et-reussite-professionnelle\\\/\"},\"author\":{\"name\":\"Dror Allouche\",\"@id\":\"https:\\\/\\\/optionstogrow.com\\\/fr\\\/#\\\/schema\\\/person\\\/7dd82164ca7481a8c2d59969d4cef9eb\"},\"headline\":\"\u00c9vitez les regrets : Comment concilier vacances en famille et r\u00e9ussite professionnelle\",\"datePublished\":\"2023-07-18T08:36:31+00:00\",\"dateModified\":\"2023-10-27T10:59:12+00:00\",\"mainEntityOfPage\":{\"@id\":\"https:\\\/\\\/optionstogrow.com\\\/fr\\\/comment-concilier-vacances-en-famille-et-reussite-professionnelle\\\/\"},\"wordCount\":639,\"commentCount\":0,\"publisher\":{\"@id\":\"https:\\\/\\\/optionstogrow.com\\\/fr\\\/#organization\"},\"image\":{\"@id\":\"https:\\\/\\\/optionstogrow.com\\\/fr\\\/comment-concilier-vacances-en-famille-et-reussite-professionnelle\\\/#primaryimage\"},\"thumbnailUrl\":\"https:\\\/\\\/i0.wp.com\\\/optionstogrow.com\\\/wp-content\\\/uploads\\\/2023\\\/07\\\/pasted-image-0.png?fit=1142%2C1522&ssl=1\",\"keywords\":[\"Clart\u00e9\",\"D\u00e9cisions\",\"R\u00e9ussir personnellement\",\"R\u00e9ussir professionnellement\"],\"articleSection\":[\"R\u00e9flexion courte\",\"R\u00e9ussir personnellement\",\"R\u00e9ussir professionnellement\"],\"inLanguage\":\"fr-FR\",\"potentialAction\":[{\"@type\":\"CommentAction\",\"name\":\"Comment\",\"target\":[\"https:\\\/\\\/optionstogrow.com\\\/fr\\\/comment-concilier-vacances-en-famille-et-reussite-professionnelle\\\/#respond\"]}]},{\"@type\":\"WebPage\",\"@id\":\"https:\\\/\\\/optionstogrow.com\\\/fr\\\/comment-concilier-vacances-en-famille-et-reussite-professionnelle\\\/\",\"url\":\"https:\\\/\\\/optionstogrow.com\\\/fr\\\/comment-concilier-vacances-en-famille-et-reussite-professionnelle\\\/\",\"name\":\"\u00c9vitez les regrets : Comment concilier vacances en famille et r\u00e9ussite professionnelle - Des options pour se d\u00e9velopper\",\"isPartOf\":{\"@id\":\"https:\\\/\\\/optionstogrow.com\\\/fr\\\/#website\"},\"primaryImageOfPage\":{\"@id\":\"https:\\\/\\\/optionstogrow.com\\\/fr\\\/comment-concilier-vacances-en-famille-et-reussite-professionnelle\\\/#primaryimage\"},\"image\":{\"@id\":\"https:\\\/\\\/optionstogrow.com\\\/fr\\\/comment-concilier-vacances-en-famille-et-reussite-professionnelle\\\/#primaryimage\"},\"thumbnailUrl\":\"https:\\\/\\\/i0.wp.com\\\/optionstogrow.com\\\/wp-content\\\/uploads\\\/2023\\\/07\\\/pasted-image-0.png?fit=1142%2C1522&ssl=1\",\"datePublished\":\"2023-07-18T08:36:31+00:00\",\"dateModified\":\"2023-10-27T10:59:12+00:00\",\"description\":\"\u00c9vitez les regrets : Comment concilier vacances en famille et r\u00e9ussite professionnelle. Prenez la d\u00e9cision qui compte vraiment pour vous.\",\"breadcrumb\":{\"@id\":\"https:\\\/\\\/optionstogrow.com\\\/fr\\\/comment-concilier-vacances-en-famille-et-reussite-professionnelle\\\/#breadcrumb\"},\"inLanguage\":\"fr-FR\",\"potentialAction\":[{\"@type\":\"ReadAction\",\"target\":[\"https:\\\/\\\/optionstogrow.com\\\/fr\\\/comment-concilier-vacances-en-famille-et-reussite-professionnelle\\\/\"]}]},{\"@type\":\"ImageObject\",\"inLanguage\":\"fr-FR\",\"@id\":\"https:\\\/\\\/optionstogrow.com\\\/fr\\\/comment-concilier-vacances-en-famille-et-reussite-professionnelle\\\/#primaryimage\",\"url\":\"https:\\\/\\\/i0.wp.com\\\/optionstogrow.com\\\/wp-content\\\/uploads\\\/2023\\\/07\\\/pasted-image-0.png?fit=1142%2C1522&ssl=1\",\"contentUrl\":\"https:\\\/\\\/i0.wp.com\\\/optionstogrow.com\\\/wp-content\\\/uploads\\\/2023\\\/07\\\/pasted-image-0.png?fit=1142%2C1522&ssl=1\",\"width\":1142,\"height\":1522,\"caption\":\"\u00c9vitez les regrets : Comment concilier vacances en famille et r\u00e9ussite professionnelle\"},{\"@type\":\"BreadcrumbList\",\"@id\":\"https:\\\/\\\/optionstogrow.com\\\/fr\\\/comment-concilier-vacances-en-famille-et-reussite-professionnelle\\\/#breadcrumb\",\"itemListElement\":[{\"@type\":\"ListItem\",\"position\":1,\"name\":\"Home\",\"item\":\"https:\\\/\\\/optionstogrow.com\\\/fr\\\/\"},{\"@type\":\"ListItem\",\"position\":2,\"name\":\"\u00c9vitez les regrets : Comment concilier vacances en famille et r\u00e9ussite professionnelle\"}]},{\"@type\":\"WebSite\",\"@id\":\"https:\\\/\\\/optionstogrow.com\\\/fr\\\/#website\",\"url\":\"https:\\\/\\\/optionstogrow.com\\\/fr\\\/\",\"name\":\"Des options pour se d\u00e9velopper\",\"description\":\"Acc\u00e9l\u00e9rer les r\u00e9sultats sur vos projets importants\",\"publisher\":{\"@id\":\"https:\\\/\\\/optionstogrow.com\\\/fr\\\/#organization\"},\"potentialAction\":[{\"@type\":\"SearchAction\",\"target\":{\"@type\":\"EntryPoint\",\"urlTemplate\":\"https:\\\/\\\/optionstogrow.com\\\/fr\\\/?s={search_term_string}\"},\"query-input\":{\"@type\":\"PropertyValueSpecification\",\"valueRequired\":true,\"valueName\":\"search_term_string\"}}],\"inLanguage\":\"fr-FR\"},{\"@type\":\"Organization\",\"@id\":\"https:\\\/\\\/optionstogrow.com\\\/fr\\\/#organization\",\"name\":\"OptionsToGrow\",\"url\":\"https:\\\/\\\/optionstogrow.com\\\/fr\\\/\",\"logo\":{\"@type\":\"ImageObject\",\"inLanguage\":\"fr-FR\",\"@id\":\"https:\\\/\\\/optionstogrow.com\\\/fr\\\/#\\\/schema\\\/logo\\\/image\\\/\",\"url\":\"https:\\\/\\\/i1.wp.com\\\/optionstogrow.com\\\/wp-content\\\/uploads\\\/2020\\\/07\\\/logo-web-1-e1597514267714.jpg?fit=96%2C65&ssl=1\",\"contentUrl\":\"https:\\\/\\\/i1.wp.com\\\/optionstogrow.com\\\/wp-content\\\/uploads\\\/2020\\\/07\\\/logo-web-1-e1597514267714.jpg?fit=96%2C65&ssl=1\",\"width\":96,\"height\":65,\"caption\":\"OptionsToGrow\"},\"image\":{\"@id\":\"https:\\\/\\\/optionstogrow.com\\\/fr\\\/#\\\/schema\\\/logo\\\/image\\\/\"},\"sameAs\":[\"https:\\\/\\\/www.facebook.com\\\/Options-To-Grow-109035218181837\",\"https:\\\/\\\/x.com\\\/mr_otg\"]},{\"@type\":\"Person\",\"@id\":\"https:\\\/\\\/optionstogrow.com\\\/fr\\\/#\\\/schema\\\/person\\\/7dd82164ca7481a8c2d59969d4cef9eb\",\"name\":\"Dror Allouche\",\"image\":{\"@type\":\"ImageObject\",\"inLanguage\":\"fr-FR\",\"@id\":\"https:\\\/\\\/secure.gravatar.com\\\/avatar\\\/7f371f18d5905715896612f5691584303d930845d3a4eaaaf12a1249080b6918?s=96&d=mm&r=g\",\"url\":\"https:\\\/\\\/secure.gravatar.com\\\/avatar\\\/7f371f18d5905715896612f5691584303d930845d3a4eaaaf12a1249080b6918?s=96&d=mm&r=g\",\"contentUrl\":\"https:\\\/\\\/secure.gravatar.com\\\/avatar\\\/7f371f18d5905715896612f5691584303d930845d3a4eaaaf12a1249080b6918?s=96&d=mm&r=g\",\"caption\":\"Dror Allouche\"},\"description\":\"Executive who ran a 9-figure business. I left corporate at the age of 46, financially independent. I write to share my learning on how to grow your life, your career, your money.\",\"sameAs\":[\"https:\\\/\\\/optionstogrow.com\\\/\",\"https:\\\/\\\/x.com\\\/mr_otg\"],\"url\":\"https:\\\/\\\/optionstogrow.com\\\/fr\\\/author\\\/optionstogrow\\\/\"}]}<\/script>\n<!-- \/ Yoast SEO plugin. -->","yoast_head_json":{"title":"\u00c9vitez les regrets : Comment concilier vacances en famille et r\u00e9ussite professionnelle - Des options pour se d\u00e9velopper","description":"\u00c9vitez les regrets : Comment concilier vacances en famille et r\u00e9ussite professionnelle. Prenez la d\u00e9cision qui compte vraiment pour vous.","robots":{"index":"index","follow":"follow","max-snippet":"max-snippet:-1","max-image-preview":"max-image-preview:large","max-video-preview":"max-video-preview:-1"},"canonical":"https:\/\/optionstogrow.com\/fr\/comment-concilier-vacances-en-famille-et-reussite-professionnelle\/","og_locale":"fr_FR","og_type":"article","og_title":"\u00c9vitez les regrets : Comment concilier vacances en famille et r\u00e9ussite professionnelle - Des options pour se d\u00e9velopper","og_description":"\u00c9vitez les regrets : Comment concilier vacances en famille et r\u00e9ussite professionnelle. Prenez la d\u00e9cision qui compte vraiment pour vous.","og_url":"https:\/\/optionstogrow.com\/fr\/comment-concilier-vacances-en-famille-et-reussite-professionnelle\/","og_site_name":"Des options pour se d\u00e9velopper","article_publisher":"https:\/\/www.facebook.com\/Options-To-Grow-109035218181837","article_published_time":"2023-07-18T08:36:31+00:00","article_modified_time":"2023-10-27T10:59:12+00:00","og_image":[{"width":1142,"height":1522,"url":"https:\/\/optionstogrow.com\/wp-content\/uploads\/2023\/07\/pasted-image-0.png","type":"image\/png"}],"author":"Dror Allouche","twitter_card":"summary_large_image","twitter_creator":"@mr_otg","twitter_site":"@mr_otg","twitter_misc":{"\u00c9crit par":"Dror Allouche","Dur\u00e9e de lecture estim\u00e9e":"3 minute"},"schema":{"@context":"https:\/\/schema.org","@graph":[{"@type":"Article","@id":"https:\/\/optionstogrow.com\/fr\/comment-concilier-vacances-en-famille-et-reussite-professionnelle\/#article","isPartOf":{"@id":"https:\/\/optionstogrow.com\/fr\/comment-concilier-vacances-en-famille-et-reussite-professionnelle\/"},"author":{"name":"Dror Allouche","@id":"https:\/\/optionstogrow.com\/fr\/#\/schema\/person\/7dd82164ca7481a8c2d59969d4cef9eb"},"headline":"\u00c9vitez les regrets : Comment concilier vacances en famille et r\u00e9ussite professionnelle","datePublished":"2023-07-18T08:36:31+00:00","dateModified":"2023-10-27T10:59:12+00:00","mainEntityOfPage":{"@id":"https:\/\/optionstogrow.com\/fr\/comment-concilier-vacances-en-famille-et-reussite-professionnelle\/"},"wordCount":639,"commentCount":0,"publisher":{"@id":"https:\/\/optionstogrow.com\/fr\/#organization"},"image":{"@id":"https:\/\/optionstogrow.com\/fr\/comment-concilier-vacances-en-famille-et-reussite-professionnelle\/#primaryimage"},"thumbnailUrl":"https:\/\/i0.wp.com\/optionstogrow.com\/wp-content\/uploads\/2023\/07\/pasted-image-0.png?fit=1142%2C1522&ssl=1","keywords":["Clart\u00e9","D\u00e9cisions","R\u00e9ussir personnellement","R\u00e9ussir professionnellement"],"articleSection":["R\u00e9flexion courte","R\u00e9ussir personnellement","R\u00e9ussir professionnellement"],"inLanguage":"fr-FR","potentialAction":[{"@type":"CommentAction","name":"Comment","target":["https:\/\/optionstogrow.com\/fr\/comment-concilier-vacances-en-famille-et-reussite-professionnelle\/#respond"]}]},{"@type":"WebPage","@id":"https:\/\/optionstogrow.com\/fr\/comment-concilier-vacances-en-famille-et-reussite-professionnelle\/","url":"https:\/\/optionstogrow.com\/fr\/comment-concilier-vacances-en-famille-et-reussite-professionnelle\/","name":"\u00c9vitez les regrets : Comment concilier vacances en famille et r\u00e9ussite professionnelle - Des options pour se d\u00e9velopper","isPartOf":{"@id":"https:\/\/optionstogrow.com\/fr\/#website"},"primaryImageOfPage":{"@id":"https:\/\/optionstogrow.com\/fr\/comment-concilier-vacances-en-famille-et-reussite-professionnelle\/#primaryimage"},"image":{"@id":"https:\/\/optionstogrow.com\/fr\/comment-concilier-vacances-en-famille-et-reussite-professionnelle\/#primaryimage"},"thumbnailUrl":"https:\/\/i0.wp.com\/optionstogrow.com\/wp-content\/uploads\/2023\/07\/pasted-image-0.png?fit=1142%2C1522&ssl=1","datePublished":"2023-07-18T08:36:31+00:00","dateModified":"2023-10-27T10:59:12+00:00","description":"\u00c9vitez les regrets : Comment concilier vacances en famille et r\u00e9ussite professionnelle. Prenez la d\u00e9cision qui compte vraiment pour vous.","breadcrumb":{"@id":"https:\/\/optionstogrow.com\/fr\/comment-concilier-vacances-en-famille-et-reussite-professionnelle\/#breadcrumb"},"inLanguage":"fr-FR","potentialAction":[{"@type":"ReadAction","target":["https:\/\/optionstogrow.com\/fr\/comment-concilier-vacances-en-famille-et-reussite-professionnelle\/"]}]},{"@type":"ImageObject","inLanguage":"fr-FR","@id":"https:\/\/optionstogrow.com\/fr\/comment-concilier-vacances-en-famille-et-reussite-professionnelle\/#primaryimage","url":"https:\/\/i0.wp.com\/optionstogrow.com\/wp-content\/uploads\/2023\/07\/pasted-image-0.png?fit=1142%2C1522&ssl=1","contentUrl":"https:\/\/i0.wp.com\/optionstogrow.com\/wp-content\/uploads\/2023\/07\/pasted-image-0.png?fit=1142%2C1522&ssl=1","width":1142,"height":1522,"caption":"\u00c9vitez les regrets : Comment concilier vacances en famille et r\u00e9ussite professionnelle"},{"@type":"BreadcrumbList","@id":"https:\/\/optionstogrow.com\/fr\/comment-concilier-vacances-en-famille-et-reussite-professionnelle\/#breadcrumb","itemListElement":[{"@type":"ListItem","position":1,"name":"Home","item":"https:\/\/optionstogrow.com\/fr\/"},{"@type":"ListItem","position":2,"name":"\u00c9vitez les regrets : Comment concilier vacances en famille et r\u00e9ussite professionnelle"}]},{"@type":"WebSite","@id":"https:\/\/optionstogrow.com\/fr\/#website","url":"https:\/\/optionstogrow.com\/fr\/","name":"Des options pour se d\u00e9velopper","description":"Acc\u00e9l\u00e9rer les r\u00e9sultats sur vos projets importants","publisher":{"@id":"https:\/\/optionstogrow.com\/fr\/#organization"},"potentialAction":[{"@type":"SearchAction","target":{"@type":"EntryPoint","urlTemplate":"https:\/\/optionstogrow.com\/fr\/?s={search_term_string}"},"query-input":{"@type":"PropertyValueSpecification","valueRequired":true,"valueName":"search_term_string"}}],"inLanguage":"fr-FR"},{"@type":"Organization","@id":"https:\/\/optionstogrow.com\/fr\/#organization","name":"OptionsToGrow","url":"https:\/\/optionstogrow.com\/fr\/","logo":{"@type":"ImageObject","inLanguage":"fr-FR","@id":"https:\/\/optionstogrow.com\/fr\/#\/schema\/logo\/image\/","url":"https:\/\/i1.wp.com\/optionstogrow.com\/wp-content\/uploads\/2020\/07\/logo-web-1-e1597514267714.jpg?fit=96%2C65&ssl=1","contentUrl":"https:\/\/i1.wp.com\/optionstogrow.com\/wp-content\/uploads\/2020\/07\/logo-web-1-e1597514267714.jpg?fit=96%2C65&ssl=1","width":96,"height":65,"caption":"OptionsToGrow"},"image":{"@id":"https:\/\/optionstogrow.com\/fr\/#\/schema\/logo\/image\/"},"sameAs":["https:\/\/www.facebook.com\/Options-To-Grow-109035218181837","https:\/\/x.com\/mr_otg"]},{"@type":"Person","@id":"https:\/\/optionstogrow.com\/fr\/#\/schema\/person\/7dd82164ca7481a8c2d59969d4cef9eb","name":"Dror Allouche","image":{"@type":"ImageObject","inLanguage":"fr-FR","@id":"https:\/\/secure.gravatar.com\/avatar\/7f371f18d5905715896612f5691584303d930845d3a4eaaaf12a1249080b6918?s=96&d=mm&r=g","url":"https:\/\/secure.gravatar.com\/avatar\/7f371f18d5905715896612f5691584303d930845d3a4eaaaf12a1249080b6918?s=96&d=mm&r=g","contentUrl":"https:\/\/secure.gravatar.com\/avatar\/7f371f18d5905715896612f5691584303d930845d3a4eaaaf12a1249080b6918?s=96&d=mm&r=g","caption":"Dror Allouche"},"description":"Executive who ran a 9-figure business. I left corporate at the age of 46, financially independent. I write to share my learning on how to grow your life, your career, your money.","sameAs":["https:\/\/optionstogrow.com\/","https:\/\/x.com\/mr_otg"],"url":"https:\/\/optionstogrow.com\/fr\/author\/optionstogrow\/"}]}},"jetpack_publicize_connections":[],"jetpack_featured_media_url":"https:\/\/i0.wp.com\/optionstogrow.com\/wp-content\/uploads\/2023\/07\/pasted-image-0.png?fit=1142%2C1522&ssl=1","jetpack_sharing_enabled":true,"jetpack_shortlink":"https:\/\/wp.me\/pcagkH-178","jetpack_likes_enabled":true,"_links":{"self":[{"href":"https:\/\/optionstogrow.com\/fr\/wp-json\/wp\/v2\/posts\/4286","targetHints":{"allow":["GET"]}}],"collection":[{"href":"https:\/\/optionstogrow.com\/fr\/wp-json\/wp\/v2\/posts"}],"about":[{"href":"https:\/\/optionstogrow.com\/fr\/wp-json\/wp\/v2\/types\/post"}],"author":[{"embeddable":true,"href":"https:\/\/optionstogrow.com\/fr\/wp-json\/wp\/v2\/users\/2"}],"replies":[{"embeddable":true,"href":"https:\/\/optionstogrow.com\/fr\/wp-json\/wp\/v2\/comments?post=4286"}],"version-history":[{"count":5,"href":"https:\/\/optionstogrow.com\/fr\/wp-json\/wp\/v2\/posts\/4286\/revisions"}],"predecessor-version":[{"id":4299,"href":"https:\/\/optionstogrow.com\/fr\/wp-json\/wp\/v2\/posts\/4286\/revisions\/4299"}],"wp:featuredmedia":[{"embeddable":true,"href":"https:\/\/optionstogrow.com\/fr\/wp-json\/wp\/v2\/media\/4291"}],"wp:attachment":[{"href":"https:\/\/optionstogrow.com\/fr\/wp-json\/wp\/v2\/media?parent=4286"}],"wp:term":[{"taxonomy":"category","embeddable":true,"href":"https:\/\/optionstogrow.com\/fr\/wp-json\/wp\/v2\/categories?post=4286"},{"taxonomy":"post_tag","embeddable":true,"href":"https:\/\/optionstogrow.com\/fr\/wp-json\/wp\/v2\/tags?post=4286"}],"curies":[{"name":"wp","href":"https:\/\/api.w.org\/{rel}","templated":true}]}}